{"id":121,"date":"2026-09-02T13:49:34","date_gmt":"2026-09-02T11:49:34","guid":{"rendered":"https:\/\/kiralykosar.hu\/?p=121"},"modified":"2026-09-03T17:31:44","modified_gmt":"2026-09-03T15:31:44","slug":"2026-szeptember-4-i-kosar","status":"publish","type":"post","link":"https:\/\/kiralykosar.hu\/?p=121","title":{"rendered":"2026. szeptember 4-i kos\u00e1r"},"content":{"rendered":"\n<div class=\"wp-block-group is-nowrap is-layout-flex wp-container-core-group-is-layout-3a88641f wp-block-group-is-layout-flex\">\n<figure class=\"wp-block-image size-large is-resized\"><img loading=\"lazy\" decoding=\"async\" width=\"768\" height=\"1024\" src=\"https:\/\/kiralykosar.hu\/wp-content\/uploads\/2026\/09\/IMG_20231110_130412-768x1024-1.jpg\" alt=\"\" class=\"wp-image-123\" style=\"aspect-ratio:0.7500000201480495;width:257px;height:auto\" srcset=\"https:\/\/kiralykosar.hu\/wp-content\/uploads\/2026\/09\/IMG_20231110_130412-768x1024-1.jpg 768w, https:\/\/kiralykosar.hu\/wp-content\/uploads\/2026\/09\/IMG_20231110_130412-225x300.jpg 225w, https:\/\/kiralykosar.hu\/wp-content\/uploads\/2026\/09\/IMG_20231110_130412-1152x1536.jpg 1152w, https:\/\/kiralykosar.hu\/wp-content\/uploads\/2026\/09\/IMG_20231110_130412-1536x2048.jpg 1536w, https:\/\/kiralykosar.hu\/wp-content\/uploads\/2026\/09\/IMG_20231110_130412-scaled.jpg 1920w\" sizes=\"auto, (max-width: 768px) 100vw, 768px\" \/><\/figure>\n\n\n\n<p class=\"wp-block-paragraph\">A k\u00f6vetkez\u0151 kos\u00e1r szeptember 4-\u00e9n lesz. A kos\u00e1r megrendel\u00e9se szeptember 3-\u00e1n 8.00-15.00-ig lehets\u00e9ges.<br>Rendel\u00e9s kiz\u00e1r\u00f3lag telefonon: +36 30 939 2116<br>\u00c1tv\u00e9tel a piac parkol\u00f3j\u00e1ban 2026. szeptember 4. 16-17 \u00f3rakor.<br>A kosarat\/rekeszt vissza lehet hozni, \u00e9s a kisebb m\u0171anyag dobozokat is \u2013 \u00edgy k\u00f6rnyezetbar\u00e1t!<\/p>\n<\/div>\n","protected":false},"excerpt":{"rendered":"<p>A k\u00f6vetkez\u0151 kos\u00e1r szeptember 4-\u00e9n lesz. A kos\u00e1r megrendel\u00e9se szeptember 3-\u00e1n 8.00-15.00-ig lehets\u00e9ges.Rendel\u00e9s kiz\u00e1r\u00f3lag telefonon: +36 30 939 2116\u00c1tv\u00e9tel a piac parkol\u00f3j\u00e1ban 2026. szeptember 4. 16-17 \u00f3rakor.A kosarat\/rekeszt vissza lehet hozni, \u00e9s a kisebb m\u0171anyag dobozokat is \u2013 \u00edgy k\u00f6rnyezetbar\u00e1t!<\/p>\n","protected":false},"author":1,"featured_media":0,"comment_status":"closed","ping_status":"open","sticky":false,"template":"","format":"standard","meta":{"footnotes":""},"categories":[1],"tags":[],"class_list":["post-121","post","type-post","status-publish","format-standard","hentry","category-egyeb"],"_links":{"self":[{"href":"https:\/\/kiralykosar.hu\/index.php?rest_route=\/wp\/v2\/posts\/121","targetHints":{"allow":["GET"]}}],"collection":[{"href":"https:\/\/kiralykosar.hu\/index.php?rest_route=\/wp\/v2\/posts"}],"about":[{"href":"https:\/\/kiralykosar.hu\/index.php?rest_route=\/wp\/v2\/types\/post"}],"author":[{"embeddable":true,"href":"https:\/\/kiralykosar.hu\/index.php?rest_route=\/wp\/v2\/users\/1"}],"replies":[{"embeddable":true,"href":"https:\/\/kiralykosar.hu\/index.php?rest_route=%2Fwp%2Fv2%2Fcomments&post=121"}],"version-history":[{"count":7,"href":"https:\/\/kiralykosar.hu\/index.php?rest_route=\/wp\/v2\/posts\/121\/revisions"}],"predecessor-version":[{"id":130,"href":"https:\/\/kiralykosar.hu\/index.php?rest_route=\/wp\/v2\/posts\/121\/revisions\/130"}],"wp:attachment":[{"href":"https:\/\/kiralykosar.hu\/index.php?rest_route=%2Fwp%2Fv2%2Fmedia&parent=121"}],"wp:term":[{"taxonomy":"category","embeddable":true,"href":"https:\/\/kiralykosar.hu\/index.php?rest_route=%2Fwp%2Fv2%2Fcategories&post=121"},{"taxonomy":"post_tag","embeddable":true,"href":"https:\/\/kiralykosar.hu\/index.php?rest_route=%2Fwp%2Fv2%2Ftags&post=121"}],"curies":[{"name":"wp","href":"https:\/\/api.w.org\/{rel}","templated":true}]}}